{"id":1075,"date":"2019-12-30T17:00:00","date_gmt":"2019-12-30T16:00:00","guid":{"rendered":"http:\/\/empax.sk\/bezpecna-komunikacia\/?p=1075"},"modified":"2019-12-30T23:31:12","modified_gmt":"2019-12-30T22:31:12","slug":"rok-2019-v-bezpecnosti-mobilnej-komunikacie","status":"publish","type":"post","link":"https:\/\/empax.sk\/bezpecna-komunikacia\/rok-2019-v-bezpecnosti-mobilnej-komunikacie\/","title":{"rendered":"Rok 2019 v bezpe\u010dnosti mobilnej komunik\u00e1cie"},"content":{"rendered":"\n<div class=\"wp-block-button is-style-outline\"><a class=\"wp-block-button__link newsletter-subscribe\" style=\"border: 1px solid #bbb; background-color: #f2f2f2;\"><i class=\"fas fa-envelope\"><\/i>&nbsp;&nbsp;<strong>Prihl\u00e1si\u0165 odber nov\u00fdch \u010dl\u00e1nkov<\/strong><\/a><\/div>\n<div class=\"MySubscribeText\">Aktivujte si e-mailov\u00e9 notifik\u00e1cie na nov\u00e9 \u010dl\u00e1nky. Ke\u010f si to rozmysl\u00edte, odhl\u00e1site sa jedn\u00fdm klikom na odkaz, ktor\u00fd n\u00e1jdete v ka\u017edom na\u0161om e-maily.<\/div>\n\n\n\n<p><strong>Zosumarizovali sme najd\u00f4le\u017eitej\u0161ie udalosti v&nbsp;bezpe\u010dnosti mobilnej komunik\u00e1cie za rok 2019. Vybrali sme naj\u010d\u00edtanej\u0161\u00ed obsah z&nbsp;na\u0161ich \u010dl\u00e1nkov, graf a&nbsp;infografiku roka.&nbsp;<\/strong><\/p>\n\n\n\n<p>Top t\u00e9mou za rok 2019 bolo jednozna\u010dne <a href=\"https:\/\/empax.sk\/bezpecna-komunikacia\/ako-sa-da-hacknut-threema\/\" class=\"MyPostLink\">prelomenie Threemy<\/a>, ktor\u00fa mnoh\u00ed s&nbsp;d\u00f4verou pou\u017e\u00edvali na bezpe\u010dn\u00fa komunik\u00e1ciu. A\u017e do&nbsp;m\u00e1ja, kedy slovensk\u00e9 m\u00e9dia zverejnili inform\u00e1ciu o&nbsp;tom, \u017ee pol\u00edcia v&nbsp;spolupr\u00e1ci s Europolom prelomila spr\u00e1vy \u0161ifrovan\u00e9 aplik\u00e1ciou Threema.<\/p>\n\n\n\n<p>Policajn\u00ed \u0161pecialisti s\u00edce neprelomili samotn\u00e9 \u0161ifrovanie, ale podarilo sa im obnovi\u0165 komunik\u00e1ciu, ktor\u00e1 bola ulo\u017een\u00e1 v&nbsp;telef\u00f3ne. Pouk\u00e1zali tak na ve\u013ek\u00fa bezpe\u010dnostn\u00fa slabinu, ktor\u00e1 sa v\u0161ak net\u00fdka len samotnej Threemy, ale aj v\u00e4\u010d\u0161iny ostatn\u00fdch \u0161ifrovac\u00edch aplik\u00e1ci\u00ed \u2013 a t\u00fdm je ukladanie komunik\u00e1cie a&nbsp;in\u00fdch citliv\u00fdch inform\u00e1ci\u00ed v&nbsp;mobiln\u00fdch telef\u00f3noch.<\/p>\n\n\n\n<p>Napriek tomu, \u017ee tento probl\u00e9m sa net\u00fdka len Threemy, mnoho \u013eud\u00ed jej prestalo d\u00f4verova\u0165 a&nbsp;za\u010dali h\u013eada\u0165 alternat\u00edvne mo\u017enosti.&nbsp;<\/p>\n\n\n\n<h3 class=\"wp-block-heading\"><strong>Signal, Telegram a&nbsp;open source<\/strong><\/h3>\n\n\n\n<p>V&nbsp;kr\u00e1tkom \u010dase sa objavili viacer\u00e9 \u010dl\u00e1nky, ktor\u00e9 <a href=\"https:\/\/empax.sk\/bezpecna-komunikacia\/reakcia-na-clanok-preco-volat-a-cetovat-cez-signal\/\" class=\"MyPostLink\">odpor\u00fa\u010dali pou\u017e\u00edva\u0165 najm\u00e4 Signal<\/a> a&nbsp;Telegram. A&nbsp;to aj napriek tomu, \u017ee u&nbsp;nich m\u00f4\u017ee nasta\u0165 rovnak\u00fd probl\u00e9m ako v&nbsp;pr\u00edpade Threemy.&nbsp;<\/p>\n\n\n\n<p>V&nbsp;prospech Signalu a&nbsp;Telegramu sa \u010dasto objavoval e\u0161te jeden argument \u2013 open source.&nbsp;<\/p>\n\n\n\n<blockquote class=\"wp-block-quote MyPostQuote is-layout-flow wp-block-quote-is-layout-flow\"><p><em>Ktoko\u013evek si m\u00f4\u017ee pozrie\u0165 zdrojov\u00fd k\u00f3d a odhali\u0165 mo\u017en\u00e9 bezpe\u010dnostn\u00e9 chyby sk\u00f4r, ako by ich mohol n\u00e1js\u0165 \u00fato\u010dn\u00edk. Signal tak pre\u0161iel nez\u00e1visl\u00fdm auditom, ktor\u00fd mal skontrolova\u0165, \u010di je naozaj bezpe\u010dn\u00fd a neobsahuje \u017eiadne zadn\u00e9 dvierka (backdoor).<\/em><\/p><cite>Zd\u00f4vodnenie v Denn\u00edku N, pre\u010do by mal by\u0165 Signal bezpe\u010dn\u00fd<\/cite><\/blockquote>\n\n\n\n<p>U\u017e o&nbsp;nieko\u013eko mesiacov nesk\u00f4r sa zistilo, \u017ee <a href=\"https:\/\/thehackernews.com\/2019\/10\/signal-messenger-bug.html\">Signal obsahuje bezpe\u010dnostn\u00fa chybu<\/a>, pomocou ktorej \u00fato\u010dn\u00edk mohol prin\u00fati\u0165 prija\u0165 hovor u&nbsp;volan\u00e9ho \u00fa\u010dastn\u00edka bez interakcie u\u017e\u00edvate\u013ea. In\u00fdmi slovami, \u00fato\u010dn\u00edk dok\u00e1zal vzdialene zapn\u00fa\u0165 mikrof\u00f3n a&nbsp;odpo\u010d\u00fava\u0165 tak v\u0161etky okolit\u00e9 konverz\u00e1cie.<\/p>\n\n\n\n<p>T\u00e1to bezpe\u010dnostn\u00e1 chyba sa v&nbsp;Signale vyskytla pr\u00e1ve kv\u00f4li tomu, \u017ee Signal je v&nbsp;podstate zlepenec viacer\u00fdch open source komponentov. Nev\u00fdhodou tak\u00fdchto aplik\u00e1ci\u00ed je, \u017ee ka\u017ed\u00fd tak\u00fdto open source komponent obsahuje mno\u017estvo funkcionality a&nbsp;samotn\u00e1 aplik\u00e1cia z&nbsp;nich vyu\u017e\u00edva len mal\u00fa \u010das\u0165. Ka\u017ed\u00e1 nevyu\u017e\u00edvan\u00e1 funkcionalita v&nbsp;sebe m\u00f4\u017ee obsahova\u0165 potenci\u00e1lnu zranite\u013enos\u0165. Ich bezpe\u010dnos\u0165 by mohol s\u00edce preveri\u0165 ka\u017ed\u00fd, ale v&nbsp;skuto\u010dnosti to takmer nikto nikdy nerob\u00ed.&nbsp;<\/p>\n\n\n\n<p>Telegram je na tom e\u0161te o&nbsp;nie\u010do hor\u0161ie. Dlh\u00e9 roky ho mnoh\u00ed \u201ebezpe\u010dnostn\u00ed experti\u201c odpor\u00fa\u010dali podobne ako Signal a&nbsp;potom v&nbsp;roku 2017 v\u00fdskumn\u00edci Massachusettskej technickej univerzity (MIT) <a href=\"https:\/\/courses.csail.mit.edu\/6.857\/2017\/project\/19.pdf\" class=\"MyPostLink\">publikovali \u0161t\u00fadiu o&nbsp;v\u00e1\u017enych zranite\u013enostiach<\/a> v&nbsp;samotnom protokole.&nbsp;<\/p>\n\n\n\n<blockquote class=\"wp-block-quote MyPostQuote is-layout-flow wp-block-quote-is-layout-flow\"><p><em>Telegram mal v protokole v\u00e1\u017ene probl\u00e9my, ktor\u00e9 by mohol jednoducho vyu\u017ei\u0165 ktor\u00fdko\u013evek bezpe\u010dnostn\u00fd expert. Pou\u017e\u00edvatelia si musia by\u0165 vedom\u00ed tejto skuto\u010dnosti, ale tvrdenia spolo\u010dnost\u00ed nane\u0161\u0165astie ved\u00fa pou\u017e\u00edvate\u013eov, ktor\u00ed nie s\u00fa technologicky zdatn\u00ed, k n\u00e1zoru, \u017ee ich spr\u00e1vy nie s\u00fa \u010ditate\u013en\u00e9 tret\u00edmi stranami.<\/em><\/p><cite>Zo \u0161t\u00fadie publikovanej na MIT<\/cite><\/blockquote>\n\n\n\n<p>Odpor\u00fa\u010dania na pou\u017e\u00edvanie Signalu alebo Telegramu namiesto Threemy sa daj\u00fa parafr\u00e1zova\u0165 prirovnan\u00edm \u201e<em>z&nbsp;blata do kalu\u017ee<\/em>\u201c.<\/p>\n\n\n\n<h3 class=\"wp-block-heading\"><strong>Ponau\u010denie roka<\/strong><\/h3>\n\n\n\n<p>Bezpe\u010dnostn\u00fdm probl\u00e9mom sa nevyhli ani be\u017ene pou\u017e\u00edvan\u00e9 komunika\u010dn\u00e9 syst\u00e9my ako <a class=\"MyPostLink\" href=\"https:\/\/www.zive.cz\/clanky\/whatsapp-chyba\/sc-3-a-198424\/default.aspx\">WhatsApp<\/a>, <a class=\"MyPostLink\" href=\"https:\/\/www.welivesecurity.com\/2019\/01\/29\/apple-takes-group-facetime-offline-discovery-spying-bug\/\">FaceTime<\/a>, <a class=\"MyPostLink\" href=\"https:\/\/nvd.nist.gov\/vuln\/detail\/CVE-2019-12569\">Viber<\/a> a&nbsp;mnoh\u00e9 \u010fal\u0161ie.<\/p>\n\n\n\n<p>Rok 2019 bol v\u00fdznamn\u00fd najm\u00e4 pre profesion\u00e1lne syst\u00e9my mobilnej bezpe\u010dnosti. Uk\u00e1zalo sa, \u017ee rozdiely medzi jednotliv\u00fdmi rie\u0161eniami s\u00fa naozaj v\u00fdznamn\u00e9. Z&nbsp;poh\u013eadu pou\u017e\u00edvate\u013ea nie je ni\u010d hor\u0161ie ako sa spolieha\u0165 na bezpe\u010dnos\u0165 nejakej aplik\u00e1cie, ktor\u00fa si s\u00edce m\u00f4\u017ee nain\u0161talova\u0165 zadarmo, ale po \u010dase zist\u00ed, \u017ee \u00fato\u010dn\u00edk dok\u00e1zal alebo minim\u00e1lne mal mo\u017enos\u0165 z\u00edska\u0165 cel\u00fa hist\u00f3riu jeho komunik\u00e1cie.<\/p>\n\n\n\n<h3 class=\"wp-block-heading\"><strong>Odpo\u010d\u00favanie hovorov a&nbsp;spr\u00e1v na Ukrajine<\/strong><\/h3>\n\n\n\n<p>Ka\u017ed\u00fd rok sa vo svete objavia viacer\u00e9 pr\u00edpady, v&nbsp;ktor\u00fdch v\u00fdznamn\u00fa \u00falohu zohralo odpo\u010d\u00favanie mobiln\u00fdch telef\u00f3nov. Najzn\u00e1mej\u0161\u00ed je pr\u00edpad odpo\u010d\u00favania nemeckej kancel\u00e1rky Merkelovej e\u0161te z&nbsp;roku 2013.<\/p>\n\n\n\n<p>Najv\u00fdznamnej\u0161\u00ed pr\u00edpad tohto roka sa podaril vy\u0161etrovate\u013eom zostrelen\u00e9ho civiln\u00e9ho letu MH17 nad Ukrajinou. Podarilo sa im z\u00edska\u0165 a zverejni\u0165 odposluchy telef\u00f3nnych hovorov a&nbsp;spr\u00e1v medzi bojovn\u00edkmi separatistov.<\/p>\n\n\n\n<p>Zverejnen\u00e9 <a href=\"https:\/\/zpravy.aktualne.cz\/zahranici\/valka-na-ukrajine-tajne-zpravy-odhaluji-zapojeni-ruska\/r~2bf4cf2e176611ea9ec9ac1f6b220ee8\/\" class=\"MyPostLink\">odposluchy preh\u013eadne spracoval<\/a> \u010desk\u00fd spravodajsk\u00fd server Aktu\u00e1ln\u011b.cz.<\/p>\n\n\n\n<p>Odpo\u010du\u0165 klasick\u00fd GSM hovor, alebo odchyti\u0165 SMS spr\u00e1vu je v s\u00fa\u010dasnosti jednoduch\u0161ie ako kedyko\u013evek predt\u00fdm. Ako je mo\u017en\u00e9 pre\u010d\u00edta\u0165 cudzie SMS spr\u00e1vy s&nbsp;vybaven\u00edm za 30&nbsp;eur sme uk\u00e1zali aj v&nbsp;<a class=\"MyPostLink\" href=\"https:\/\/empax.sk\/bezpecna-komunikacia\/vykusali-sme-ako-sa-daju-precitat-cudzie-sms-spravy-s-vybavenim-za-30-eur\/\">na\u0161om \u010dl\u00e1nku<\/a>.<\/p>\n\n\n\n<h3 class=\"wp-block-heading\"><strong>Graf roka<\/strong><\/h3>\n\n\n\n<p>Za graf roka sme vybrali \u0161tatistiku, ktor\u00e1 zobrazuje pou\u017e\u00edvanie jednotliv\u00fdch verzi\u00ed syst\u00e9mu Android.<\/p>\n\n\n\n<figure class=\"wp-block-image size-large\"><img loading=\"lazy\" decoding=\"async\" width=\"500\" height=\"250\" src=\"http:\/\/empax.sk\/bezpecna-komunikacia\/wp-content\/uploads\/2019\/07\/post-06-android-versions.png\" alt=\"\" class=\"wp-image-927\" srcset=\"https:\/\/empax.sk\/bezpecna-komunikacia\/wp-content\/uploads\/2019\/07\/post-06-android-versions.png 500w, https:\/\/empax.sk\/bezpecna-komunikacia\/wp-content\/uploads\/2019\/07\/post-06-android-versions-300x150.png 300w, https:\/\/empax.sk\/bezpecna-komunikacia\/wp-content\/uploads\/2019\/07\/post-06-android-versions-455x228.png 455w, https:\/\/empax.sk\/bezpecna-komunikacia\/wp-content\/uploads\/2019\/07\/post-06-android-versions-267x134.png 267w\" sizes=\"(max-width: 500px) 100vw, 500px\" \/><\/figure>\n\n\n\n<p>Len 10% Android telef\u00f3nov aktu\u00e1lne pou\u017e\u00edva syst\u00e9m Android 9. A&nbsp;a\u017e 42% telef\u00f3nov pou\u017e\u00edva Android 6 alebo star\u0161\u00ed, ktor\u00fd u\u017e&nbsp;&nbsp;nie je podporovan\u00fd a&nbsp;teda na\u0148 nie s\u00fa vyd\u00e1van\u00e9 ani bezpe\u010dnostn\u00e9 z\u00e1platy.&nbsp;<\/p>\n\n\n\n<p>\u00dadaje pre Android 10 e\u0161te nie s\u00fa dostupn\u00e9, ale na v\u00fdznam tohto grafu to nebude ma\u0165 \u017eiadny z\u00e1sadn\u00fd vplyv. &nbsp;<\/p>\n\n\n\n<p>Tento graf nehovor\u00ed priamo, ko\u013eko pou\u017e\u00edvate\u013eov, ktor\u00ed potrebuj\u00fa ma\u0165 telef\u00f3n bezpe\u010dn\u00fd, skuto\u010dne pou\u017e\u00edva neaktu\u00e1lny syst\u00e9m. Je v\u0161ak pripomienkou toho, \u017ee bezpe\u010dnos\u0165 v\u017edy kon\u010d\u00ed u&nbsp;pou\u017e\u00edvate\u013ea \u2013 u jeho znalost\u00ed a&nbsp;ochote dodr\u017eiava\u0165 bezpe\u010dnostn\u00e9 z\u00e1sady.<\/p>\n\n\n\n<h3 class=\"wp-block-heading\"><strong>Infografika roka<\/strong><\/h3>\n\n\n\n<p>Preto infografikou roka je zhrnutie z\u00e1kladn\u00fdch bezpe\u010dnostn\u00fdch z\u00e1sad a&nbsp;pravidiel, ktor\u00fdmi sa m\u00f4\u017ee riadi\u0165 ka\u017ed\u00fd, komu z\u00e1le\u017e\u00ed na vlastnom s\u00fakrom\u00ed.<\/p>\n\n\n\n<figure class=\"wp-block-image size-large\"><img loading=\"lazy\" decoding=\"async\" width=\"710\" height=\"685\" src=\"http:\/\/empax.sk\/bezpecna-komunikacia\/wp-content\/uploads\/2019\/04\/is-your-mobile-secure.png\" alt=\"\" class=\"wp-image-478\" srcset=\"https:\/\/empax.sk\/bezpecna-komunikacia\/wp-content\/uploads\/2019\/04\/is-your-mobile-secure.png 710w, https:\/\/empax.sk\/bezpecna-komunikacia\/wp-content\/uploads\/2019\/04\/is-your-mobile-secure-300x289.png 300w, https:\/\/empax.sk\/bezpecna-komunikacia\/wp-content\/uploads\/2019\/04\/is-your-mobile-secure-415x400.png 415w, https:\/\/empax.sk\/bezpecna-komunikacia\/wp-content\/uploads\/2019\/04\/is-your-mobile-secure-321x310.png 321w, https:\/\/empax.sk\/bezpecna-komunikacia\/wp-content\/uploads\/2019\/04\/is-your-mobile-secure-212x205.png 212w\" sizes=\"(max-width: 710px) 100vw, 710px\" \/><\/figure>\n\n\n\n<h3 class=\"wp-block-heading\"><strong>Naj\u010d\u00edtanej\u0161\u00ed \u010dl\u00e1nok<\/strong><\/h3>\n\n\n\n<p>Pochopite\u013ene, naj\u010d\u00edtanej\u0161\u00edm \u010dl\u00e1nkom tohto roka bol <a href=\"https:\/\/empax.sk\/bezpecna-komunikacia\/ako-sa-da-hacknut-threema\/\" class=\"MyPostLink\">Ako sa d\u00e1 hackn\u00fa\u0165 Threema<\/a>.<\/p>\n","protected":false},"excerpt":{"rendered":"<p>Zosumarizovali sme najd\u00f4le\u017eitej\u0161ie udalosti v bezpe\u010dnosti mobilnej komunik\u00e1cie za rok 2019. Vybrali sme naj\u010d\u00edtanej\u0161\u00ed obsah z na\u0161ich \u010dl\u00e1nkov, graf a infografiku roka.<\/p>\n","protected":false},"author":2,"featured_media":1099,"comment_status":"closed","ping_status":"open","sticky":false,"template":"","format":"standard","meta":{"footnotes":""},"categories":[5],"tags":[22,19,24,17,28,16],"class_list":["post-1075","post","type-post","status-publish","format-standard","has-post-thumbnail","hentry","category-analyzy-a-komentare","tag-aktualizacie","tag-analyzy-a-komentare","tag-odpocuvanie","tag-signal","tag-telegram","tag-threema"],"yoast_head":"<!-- This site is optimized with the Yoast SEO plugin v23.5 - https:\/\/yoast.com\/wordpress\/plugins\/seo\/ -->\n<title>Rok 2019 v bezpe\u010dnosti mobilnej komunik\u00e1cie - Bezpe\u010dn\u00e1 komunik\u00e1cia | Blog<\/title>\n<meta name=\"robots\" content=\"index, follow, max-snippet:-1, max-image-preview:large, max-video-preview:-1\" \/>\n<link rel=\"canonical\" href=\"http:\/\/empax.sk\/bezpecna-komunikacia\/rok-2019-v-bezpecnosti-mobilnej-komunikacie\/\" \/>\n<meta property=\"og:locale\" content=\"sk_SK\" \/>\n<meta property=\"og:type\" content=\"article\" \/>\n<meta property=\"og:title\" content=\"Rok 2019 v bezpe\u010dnosti mobilnej komunik\u00e1cie - Bezpe\u010dn\u00e1 komunik\u00e1cia | Blog\" \/>\n<meta property=\"og:description\" content=\"Zosumarizovali sme najd\u00f4le\u017eitej\u0161ie udalosti v bezpe\u010dnosti mobilnej komunik\u00e1cie za rok 2019. Vybrali sme naj\u010d\u00edtanej\u0161\u00ed obsah z na\u0161ich \u010dl\u00e1nkov, graf a infografiku roka.\" \/>\n<meta property=\"og:url\" content=\"http:\/\/empax.sk\/bezpecna-komunikacia\/rok-2019-v-bezpecnosti-mobilnej-komunikacie\/\" \/>\n<meta property=\"og:site_name\" content=\"Bezpe\u010dn\u00e1 komunik\u00e1cia | Blog\" \/>\n<meta property=\"article:published_time\" content=\"2019-12-30T16:00:00+00:00\" \/>\n<meta property=\"article:modified_time\" content=\"2019-12-30T22:31:12+00:00\" \/>\n<meta property=\"og:image\" content=\"http:\/\/empax.sk\/bezpecna-komunikacia\/wp-content\/uploads\/2019\/12\/post-09-2019-summary-scaled.jpg\" \/>\n\t<meta property=\"og:image:width\" content=\"2560\" \/>\n\t<meta property=\"og:image:height\" content=\"1621\" \/>\n\t<meta property=\"og:image:type\" content=\"image\/jpeg\" \/>\n<meta name=\"author\" content=\"Michal Pal\u00e1t\" \/>\n<meta name=\"twitter:card\" content=\"summary_large_image\" \/>\n<meta name=\"twitter:label1\" content=\"Autor\" \/>\n\t<meta name=\"twitter:data1\" content=\"Michal Pal\u00e1t\" \/>\n\t<meta name=\"twitter:label2\" content=\"Predpokladan\u00fd \u010das \u010d\u00edtania\" \/>\n\t<meta name=\"twitter:data2\" content=\"5 min\u00fat\" \/>\n<script type=\"application\/ld+json\" class=\"yoast-schema-graph\">{\"@context\":\"https:\/\/schema.org\",\"@graph\":[{\"@type\":\"WebPage\",\"@id\":\"http:\/\/empax.sk\/bezpecna-komunikacia\/rok-2019-v-bezpecnosti-mobilnej-komunikacie\/\",\"url\":\"http:\/\/empax.sk\/bezpecna-komunikacia\/rok-2019-v-bezpecnosti-mobilnej-komunikacie\/\",\"name\":\"Rok 2019 v bezpe\u010dnosti mobilnej komunik\u00e1cie - Bezpe\u010dn\u00e1 komunik\u00e1cia | Blog\",\"isPartOf\":{\"@id\":\"https:\/\/empax.sk\/bezpecna-komunikacia\/#website\"},\"primaryImageOfPage\":{\"@id\":\"http:\/\/empax.sk\/bezpecna-komunikacia\/rok-2019-v-bezpecnosti-mobilnej-komunikacie\/#primaryimage\"},\"image\":{\"@id\":\"http:\/\/empax.sk\/bezpecna-komunikacia\/rok-2019-v-bezpecnosti-mobilnej-komunikacie\/#primaryimage\"},\"thumbnailUrl\":\"https:\/\/empax.sk\/bezpecna-komunikacia\/wp-content\/uploads\/2019\/12\/post-09-2019-summary-scaled.jpg\",\"datePublished\":\"2019-12-30T16:00:00+00:00\",\"dateModified\":\"2019-12-30T22:31:12+00:00\",\"author\":{\"@id\":\"https:\/\/empax.sk\/bezpecna-komunikacia\/#\/schema\/person\/442337a65bb41095b829ffea95a3ae61\"},\"breadcrumb\":{\"@id\":\"http:\/\/empax.sk\/bezpecna-komunikacia\/rok-2019-v-bezpecnosti-mobilnej-komunikacie\/#breadcrumb\"},\"inLanguage\":\"sk-SK\",\"potentialAction\":[{\"@type\":\"ReadAction\",\"target\":[\"http:\/\/empax.sk\/bezpecna-komunikacia\/rok-2019-v-bezpecnosti-mobilnej-komunikacie\/\"]}]},{\"@type\":\"ImageObject\",\"inLanguage\":\"sk-SK\",\"@id\":\"http:\/\/empax.sk\/bezpecna-komunikacia\/rok-2019-v-bezpecnosti-mobilnej-komunikacie\/#primaryimage\",\"url\":\"https:\/\/empax.sk\/bezpecna-komunikacia\/wp-content\/uploads\/2019\/12\/post-09-2019-summary-scaled.jpg\",\"contentUrl\":\"https:\/\/empax.sk\/bezpecna-komunikacia\/wp-content\/uploads\/2019\/12\/post-09-2019-summary-scaled.jpg\",\"width\":2560,\"height\":1621},{\"@type\":\"BreadcrumbList\",\"@id\":\"http:\/\/empax.sk\/bezpecna-komunikacia\/rok-2019-v-bezpecnosti-mobilnej-komunikacie\/#breadcrumb\",\"itemListElement\":[{\"@type\":\"ListItem\",\"position\":1,\"name\":\"Home\",\"item\":\"https:\/\/empax.sk\/bezpecna-komunikacia\/\"},{\"@type\":\"ListItem\",\"position\":2,\"name\":\"Rok 2019 v bezpe\u010dnosti mobilnej komunik\u00e1cie\"}]},{\"@type\":\"WebSite\",\"@id\":\"https:\/\/empax.sk\/bezpecna-komunikacia\/#website\",\"url\":\"https:\/\/empax.sk\/bezpecna-komunikacia\/\",\"name\":\"Bezpe\u010dn\u00e1 komunik\u00e1cia | Blog\",\"description\":\"V\u0161etko o bezpe\u010dnosti mobilnej komunik\u00e1cie\",\"potentialAction\":[{\"@type\":\"SearchAction\",\"target\":{\"@type\":\"EntryPoint\",\"urlTemplate\":\"https:\/\/empax.sk\/bezpecna-komunikacia\/?s={search_term_string}\"},\"query-input\":{\"@type\":\"PropertyValueSpecification\",\"valueRequired\":true,\"valueName\":\"search_term_string\"}}],\"inLanguage\":\"sk-SK\"},{\"@type\":\"Person\",\"@id\":\"https:\/\/empax.sk\/bezpecna-komunikacia\/#\/schema\/person\/442337a65bb41095b829ffea95a3ae61\",\"name\":\"Michal Pal\u00e1t\",\"image\":{\"@type\":\"ImageObject\",\"inLanguage\":\"sk-SK\",\"@id\":\"https:\/\/empax.sk\/bezpecna-komunikacia\/#\/schema\/person\/image\/\",\"url\":\"https:\/\/secure.gravatar.com\/avatar\/3f4924a37155d1c4ed47408a44be22dc?s=96&r=g\",\"contentUrl\":\"https:\/\/secure.gravatar.com\/avatar\/3f4924a37155d1c4ed47408a44be22dc?s=96&r=g\",\"caption\":\"Michal Pal\u00e1t\"},\"url\":\"https:\/\/empax.sk\/bezpecna-komunikacia\/author\/bkadmin\/\"}]}<\/script>\n<!-- \/ Yoast SEO plugin. -->","yoast_head_json":{"title":"Rok 2019 v bezpe\u010dnosti mobilnej komunik\u00e1cie - Bezpe\u010dn\u00e1 komunik\u00e1cia | Blog","robots":{"index":"index","follow":"follow","max-snippet":"max-snippet:-1","max-image-preview":"max-image-preview:large","max-video-preview":"max-video-preview:-1"},"canonical":"http:\/\/empax.sk\/bezpecna-komunikacia\/rok-2019-v-bezpecnosti-mobilnej-komunikacie\/","og_locale":"sk_SK","og_type":"article","og_title":"Rok 2019 v bezpe\u010dnosti mobilnej komunik\u00e1cie - Bezpe\u010dn\u00e1 komunik\u00e1cia | Blog","og_description":"Zosumarizovali sme najd\u00f4le\u017eitej\u0161ie udalosti v bezpe\u010dnosti mobilnej komunik\u00e1cie za rok 2019. Vybrali sme naj\u010d\u00edtanej\u0161\u00ed obsah z na\u0161ich \u010dl\u00e1nkov, graf a infografiku roka.","og_url":"http:\/\/empax.sk\/bezpecna-komunikacia\/rok-2019-v-bezpecnosti-mobilnej-komunikacie\/","og_site_name":"Bezpe\u010dn\u00e1 komunik\u00e1cia | Blog","article_published_time":"2019-12-30T16:00:00+00:00","article_modified_time":"2019-12-30T22:31:12+00:00","og_image":[{"width":2560,"height":1621,"url":"http:\/\/empax.sk\/bezpecna-komunikacia\/wp-content\/uploads\/2019\/12\/post-09-2019-summary-scaled.jpg","type":"image\/jpeg"}],"author":"Michal Pal\u00e1t","twitter_card":"summary_large_image","twitter_misc":{"Autor":"Michal Pal\u00e1t","Predpokladan\u00fd \u010das \u010d\u00edtania":"5 min\u00fat"},"schema":{"@context":"https:\/\/schema.org","@graph":[{"@type":"WebPage","@id":"http:\/\/empax.sk\/bezpecna-komunikacia\/rok-2019-v-bezpecnosti-mobilnej-komunikacie\/","url":"http:\/\/empax.sk\/bezpecna-komunikacia\/rok-2019-v-bezpecnosti-mobilnej-komunikacie\/","name":"Rok 2019 v bezpe\u010dnosti mobilnej komunik\u00e1cie - Bezpe\u010dn\u00e1 komunik\u00e1cia | Blog","isPartOf":{"@id":"https:\/\/empax.sk\/bezpecna-komunikacia\/#website"},"primaryImageOfPage":{"@id":"http:\/\/empax.sk\/bezpecna-komunikacia\/rok-2019-v-bezpecnosti-mobilnej-komunikacie\/#primaryimage"},"image":{"@id":"http:\/\/empax.sk\/bezpecna-komunikacia\/rok-2019-v-bezpecnosti-mobilnej-komunikacie\/#primaryimage"},"thumbnailUrl":"https:\/\/empax.sk\/bezpecna-komunikacia\/wp-content\/uploads\/2019\/12\/post-09-2019-summary-scaled.jpg","datePublished":"2019-12-30T16:00:00+00:00","dateModified":"2019-12-30T22:31:12+00:00","author":{"@id":"https:\/\/empax.sk\/bezpecna-komunikacia\/#\/schema\/person\/442337a65bb41095b829ffea95a3ae61"},"breadcrumb":{"@id":"http:\/\/empax.sk\/bezpecna-komunikacia\/rok-2019-v-bezpecnosti-mobilnej-komunikacie\/#breadcrumb"},"inLanguage":"sk-SK","potentialAction":[{"@type":"ReadAction","target":["http:\/\/empax.sk\/bezpecna-komunikacia\/rok-2019-v-bezpecnosti-mobilnej-komunikacie\/"]}]},{"@type":"ImageObject","inLanguage":"sk-SK","@id":"http:\/\/empax.sk\/bezpecna-komunikacia\/rok-2019-v-bezpecnosti-mobilnej-komunikacie\/#primaryimage","url":"https:\/\/empax.sk\/bezpecna-komunikacia\/wp-content\/uploads\/2019\/12\/post-09-2019-summary-scaled.jpg","contentUrl":"https:\/\/empax.sk\/bezpecna-komunikacia\/wp-content\/uploads\/2019\/12\/post-09-2019-summary-scaled.jpg","width":2560,"height":1621},{"@type":"BreadcrumbList","@id":"http:\/\/empax.sk\/bezpecna-komunikacia\/rok-2019-v-bezpecnosti-mobilnej-komunikacie\/#breadcrumb","itemListElement":[{"@type":"ListItem","position":1,"name":"Home","item":"https:\/\/empax.sk\/bezpecna-komunikacia\/"},{"@type":"ListItem","position":2,"name":"Rok 2019 v bezpe\u010dnosti mobilnej komunik\u00e1cie"}]},{"@type":"WebSite","@id":"https:\/\/empax.sk\/bezpecna-komunikacia\/#website","url":"https:\/\/empax.sk\/bezpecna-komunikacia\/","name":"Bezpe\u010dn\u00e1 komunik\u00e1cia | Blog","description":"V\u0161etko o bezpe\u010dnosti mobilnej komunik\u00e1cie","potentialAction":[{"@type":"SearchAction","target":{"@type":"EntryPoint","urlTemplate":"https:\/\/empax.sk\/bezpecna-komunikacia\/?s={search_term_string}"},"query-input":{"@type":"PropertyValueSpecification","valueRequired":true,"valueName":"search_term_string"}}],"inLanguage":"sk-SK"},{"@type":"Person","@id":"https:\/\/empax.sk\/bezpecna-komunikacia\/#\/schema\/person\/442337a65bb41095b829ffea95a3ae61","name":"Michal Pal\u00e1t","image":{"@type":"ImageObject","inLanguage":"sk-SK","@id":"https:\/\/empax.sk\/bezpecna-komunikacia\/#\/schema\/person\/image\/","url":"https:\/\/secure.gravatar.com\/avatar\/3f4924a37155d1c4ed47408a44be22dc?s=96&r=g","contentUrl":"https:\/\/secure.gravatar.com\/avatar\/3f4924a37155d1c4ed47408a44be22dc?s=96&r=g","caption":"Michal Pal\u00e1t"},"url":"https:\/\/empax.sk\/bezpecna-komunikacia\/author\/bkadmin\/"}]}},"_links":{"self":[{"href":"https:\/\/empax.sk\/bezpecna-komunikacia\/wp-json\/wp\/v2\/posts\/1075"}],"collection":[{"href":"https:\/\/empax.sk\/bezpecna-komunikacia\/wp-json\/wp\/v2\/posts"}],"about":[{"href":"https:\/\/empax.sk\/bezpecna-komunikacia\/wp-json\/wp\/v2\/types\/post"}],"author":[{"embeddable":true,"href":"https:\/\/empax.sk\/bezpecna-komunikacia\/wp-json\/wp\/v2\/users\/2"}],"replies":[{"embeddable":true,"href":"https:\/\/empax.sk\/bezpecna-komunikacia\/wp-json\/wp\/v2\/comments?post=1075"}],"version-history":[{"count":0,"href":"https:\/\/empax.sk\/bezpecna-komunikacia\/wp-json\/wp\/v2\/posts\/1075\/revisions"}],"wp:featuredmedia":[{"embeddable":true,"href":"https:\/\/empax.sk\/bezpecna-komunikacia\/wp-json\/wp\/v2\/media\/1099"}],"wp:attachment":[{"href":"https:\/\/empax.sk\/bezpecna-komunikacia\/wp-json\/wp\/v2\/media?parent=1075"}],"wp:term":[{"taxonomy":"category","embeddable":true,"href":"https:\/\/empax.sk\/bezpecna-komunikacia\/wp-json\/wp\/v2\/categories?post=1075"},{"taxonomy":"post_tag","embeddable":true,"href":"https:\/\/empax.sk\/bezpecna-komunikacia\/wp-json\/wp\/v2\/tags?post=1075"}],"curies":[{"name":"wp","href":"https:\/\/api.w.org\/{rel}","templated":true}]}}