{"id":1301,"date":"2020-03-24T22:00:00","date_gmt":"2020-03-24T21:00:00","guid":{"rendered":"http:\/\/empax.sk\/bezpecna-komunikacia\/?p=1301"},"modified":"2020-03-24T22:10:30","modified_gmt":"2020-03-24T21:10:30","slug":"do-boja-s-covid-19-sa-nasadzuju-aj-mobilne-technologie","status":"publish","type":"post","link":"https:\/\/empax.sk\/bezpecna-komunikacia\/do-boja-s-covid-19-sa-nasadzuju-aj-mobilne-technologie\/","title":{"rendered":"Do boja s COVID-19 sa nasadzuj\u00fa aj mobiln\u00e9 technol\u00f3gie"},"content":{"rendered":"\n<div class=\"wp-block-button is-style-outline\"><a class=\"wp-block-button__link newsletter-subscribe\" style=\"border: 1px solid #bbb; background-color: #f2f2f2;\"><i class=\"fas fa-envelope\"><\/i>&nbsp;&nbsp;<strong>Prihl\u00e1si\u0165 odber nov\u00fdch \u010dl\u00e1nkov<\/strong><\/a><\/div>\n<div class=\"MySubscribeText\">Aktivujte si e-mailov\u00e9 notifik\u00e1cie na nov\u00e9 \u010dl\u00e1nky. Ke\u010f si to rozmysl\u00edte, odhl\u00e1site sa jedn\u00fdm klikom na odkaz, ktor\u00fd n\u00e1jdete v ka\u017edom na\u0161om e-maily.<\/div>\n\n\n\n<p><strong>Na Slovensku bud\u00fa \u013eudia nakazen\u00ed koronav\u00edrusom sledovan\u00ed prostredn\u00edctvom mobiln\u00fdch telef\u00f3nov. V\u00a0\u010cesku sa pl\u00e1nuje syst\u00e9m inteligentnej karant\u00e9ny. Mobiln\u00e9 technol\u00f3gie sa v boji s epid\u00e9miou pou\u017e\u00edvaj\u00fa aj v in\u00fdch krajin\u00e1ch. Pre\u010d\u00edtajte si ako funguj\u00fa a\u00a0ak\u00e9 s\u00fa \u010fal\u0161ie mo\u017enosti ich vyu\u017eitia.<\/strong><\/p>\n\n\n\n<p>Vl\u00e1da na Slovensku ohl\u00e1sila, \u017ee pl\u00e1nuje \u013eud\u00ed nakazen\u00fdch ochoren\u00edm COVID-19 sledova\u0165 prostredn\u00edctvom mobiln\u00fdch telef\u00f3nov. Konkr\u00e9tne ako a kde sa pohybovali po\u010das nieko\u013ek\u00fdch predch\u00e1dzaj\u00facich dn\u00ed. Algoritmus na z\u00e1klade toho vytipuje \u010fal\u0161\u00edch \u013eud\u00ed, ktor\u00fd mali podobn\u00e9 zvyklosti ako nakazen\u00fd a&nbsp;teda, \u017ee s&nbsp;n\u00edm mohli pr\u00eds\u0165 do kontaktu. N\u00e1sledne ich m\u00f4\u017eu vyzva\u0165, aby sa pri\u0161li da\u0165 otestova\u0165.<\/p>\n\n\n\n<p>V&nbsp;\u010cesku sa pl\u00e1nuje syst\u00e9m inteligentnej karant\u00e9ny. Bude fungova\u0165 na z\u00e1klade s\u00fahlasu nakazen\u00e9ho so sledovan\u00edm. N\u00e1sledne na z\u00e1klade d\u00e1t z&nbsp;mobilov a&nbsp;realizovan\u00fdch platieb kartou umo\u017en\u00ed zmapova\u0165 pohyb nakazenej osoby za posledn\u00fdch 5 dn\u00ed. To umo\u017en\u00ed oslovi\u0165 rizikov\u00e9 osoby. Z\u00e1rove\u0148 bude syst\u00e9m pou\u017eit\u00fd na sledovanie dodr\u017eiavania dom\u00e1cej karant\u00e9ny.<\/p>\n\n\n\n<p>Mobiln\u00e9 technol\u00f3gie na zastavenie \u0161\u00edrenia koronav\u00edrusu sa pou\u017e\u00edvaj\u00fa aj v in\u00fdch krajin\u00e1ch. Pre\u010d\u00edtajte si ako funguj\u00fa a\u00a0ak\u00e9 s\u00fa \u010fal\u0161ie mo\u017enosti ich vyu\u017eitia.<\/p>\n\n\n\n<h3 class=\"wp-block-heading\"><strong>Vstup a vo\u013en\u00fd pohyb len po overen\u00ed QR k\u00f3du<\/strong><\/h3>\n\n\n\n<p>V\u00a0\u010c\u00edne sa u\u017e nieko\u013eko rokov postupne zav\u00e1dza syst\u00e9m soci\u00e1lneho kreditu obyvate\u013eov a firiem. Syst\u00e9m m\u00e1 poskytova\u0165 odmeny alebo tresty ob\u010danom na z\u00e1klade ich ekonomick\u00e9ho a osobn\u00e9ho spr\u00e1vania. Okrem toho je v uliciach \u010d\u00ednskych ve\u013ekomiest nain\u0161talovan\u00fdch mno\u017estvo priemyseln\u00fdch kamier so syst\u00e9mom automatick\u00e9ho rozpozn\u00e1vania tv\u00e1r\u00ed, ktor\u00fd sleduje pohyb obyvate\u013eov takmer na ka\u017edom kroku. V tomto prostred\u00ed preto nebol probl\u00e9m zavies\u0165 syst\u00e9m, ktor\u00fd od \u013eud\u00ed vy\u017eaduje uvies\u0165 inform\u00e1cie o ich ned\u00e1vnom cestovan\u00ed a kontakte s in\u00fdmi osobami. Tieto \u00fadaje s\u00fa n\u00e1sledne porovnan\u00e9 s \u00fadajmi z vl\u00e1dnych syst\u00e9mov a na ich z\u00e1klade je \u010dloveku pridelen\u00fd farebn\u00fd QR k\u00f3d.<\/p>\n\n\n\n<p>Zelen\u00fd k\u00f3d umo\u017e\u0148uje \u013eudom pohyb bez obmedzen\u00ed, \u017elt\u00fd k\u00f3d znamen\u00e1 7-d\u0148ov\u00fa a\u00a0\u010derven\u00fd 14-d\u0148ov\u00fa povinn\u00fa karant\u00e9nu. Navy\u0161e sa tieto QR k\u00f3dy overuj\u00fa v r\u00e1mci kontroln\u00fdch check-pointov, ktor\u00e9 boli umiestnen\u00e9 pri vstupoch do verejn\u00fdch budov, n\u00e1kupn\u00fdch centier, stan\u00edc verejnej dopravy a\u00a0v\u0161ade tam, kde hroz\u00ed vysok\u00e9 riziko \u0161\u00edrenia v\u00edrusu.<\/p>\n\n\n\n<figure class=\"wp-block-embed-youtube wp-block-embed is-type-video is-provider-youtube wp-embed-aspect-16-9 wp-has-aspect-ratio\"><div class=\"wp-block-embed__wrapper\">\n<iframe loading=\"lazy\" title=\"Chinese cities cooperating on health code systems\" width=\"960\" height=\"540\" src=\"https:\/\/www.youtube.com\/embed\/Sp-TaoPdrWo?feature=oembed\" frameborder=\"0\" allow=\"accelerometer; autoplay; clipboard-write; encrypted-media; gyroscope; picture-in-picture\" allowfullscreen><\/iframe>\n<\/div><figcaption>Pou\u017e\u00edvanie farebn\u00e9ho QR k\u00f3du v \u010c\u00edne. Zdroj: youtube.com<\/figcaption><\/figure>\n\n\n\n<p>QR k\u00f3dy s\u00fa dostupn\u00e9 v\u00a0aplik\u00e1ci\u00e1ch\u00a0WeChat\u00a0(1,15 miliardy pou\u017e\u00edvate\u013eov) a\u00a0Alipay\u00a0(870 mili\u00f3nov pou\u017e\u00edvate\u013eov),\u00a0bez ktor\u00fdch sa v\u00a0\u010c\u00edne takmer ned\u00e1 existova\u0165, a\u00a0preto ich plo\u0161n\u00e9 zavedenie bolo pomerne jednoduch\u00e9. Pod\u013ea vyjadren\u00ed, tieto spolo\u010dnosti len poskytuj\u00fa svoju platformu, ale za pride\u013eovanie QR k\u00f3dov zodpovedaj\u00fa jednotliv\u00e9 provincie.\u00a0<\/p>\n\n\n\n<h3 class=\"wp-block-heading\"><strong>Kontrolovanie dodr\u017eiavania dom\u00e1cej karant\u00e9nny<\/strong><\/h3>\n\n\n\n<p>V&nbsp;Hongkongu sa rozhodli zavies\u0165 syst\u00e9m, ktor\u00fd by kontroloval dodr\u017eiavanie dom\u00e1cej karant\u00e9ny prostredn\u00edctvom elektronick\u00e9ho n\u00e1ramku.&nbsp;<\/p>\n\n\n\n<p>Ka\u017ed\u00fd obyvate\u013e, ktor\u00fd sa vr\u00e1ti do Hongkongu, dostane u\u017e na letisku elektronick\u00fd n\u00e1ramok na ruku a\u00a0je po\u017eiadan\u00fd, aby si aktivoval vo svojom mobile aplik\u00e1ciu StayHomeSafe. N\u00e1sledne si n\u00e1ramok nakalibruje pohybom vo svojom dome.\u00a0<\/p>\n\n\n\n<figure class=\"wp-block-image size-large\"><img loading=\"lazy\" decoding=\"async\" width=\"1024\" height=\"576\" src=\"https:\/\/empax.sk\/bezpecna-komunikacia\/wp-content\/uploads\/2020\/03\/post-11-stayhomesafe-1024x576.jpg\" alt=\"\" class=\"wp-image-1319\" srcset=\"https:\/\/empax.sk\/bezpecna-komunikacia\/wp-content\/uploads\/2020\/03\/post-11-stayhomesafe-1024x576.jpg 1024w, https:\/\/empax.sk\/bezpecna-komunikacia\/wp-content\/uploads\/2020\/03\/post-11-stayhomesafe-300x169.jpg 300w, https:\/\/empax.sk\/bezpecna-komunikacia\/wp-content\/uploads\/2020\/03\/post-11-stayhomesafe-768x432.jpg 768w, https:\/\/empax.sk\/bezpecna-komunikacia\/wp-content\/uploads\/2020\/03\/post-11-stayhomesafe-712x400.jpg 712w, https:\/\/empax.sk\/bezpecna-komunikacia\/wp-content\/uploads\/2020\/03\/post-11-stayhomesafe-455x256.jpg 455w, https:\/\/empax.sk\/bezpecna-komunikacia\/wp-content\/uploads\/2020\/03\/post-11-stayhomesafe-267x150.jpg 267w, https:\/\/empax.sk\/bezpecna-komunikacia\/wp-content\/uploads\/2020\/03\/post-11-stayhomesafe.jpg 1240w\" sizes=\"(max-width: 1024px) 100vw, 1024px\" \/><figcaption>Nar\u00e1mok a aplik\u00e1cia StayHomeSafe na sledovanie dodr\u017eiavania karant\u00e9ny. Zdroj: thestar.com.my<\/figcaption><\/figure>\n\n\n\n<p>Tento syst\u00e9m nesleduje pou\u017e\u00edvate\u013eov prostredn\u00edctvom GPS lokaliz\u00e1cie, ale vyu\u017e\u00edva technol\u00f3giu geo-fencing. Pohybom po dome algoritmus zaznamen\u00e1va dostupn\u00e9 sign\u00e1ly z\u00a0r\u00f4znych zdrojov ako je dom\u00e1ca Wi-Fi, ale aj Wi-Fi susedov, bluetooth zariadenia a\u00a0sign\u00e1ly mobiln\u00fdch sieti. T\u00fdm si aplik\u00e1cia vytvor\u00ed virtu\u00e1lne hranice v\u00e1\u0161ho domova. Ak potom niekto poru\u0161\u00ed karant\u00e9nu t\u00fdm, \u017ee sa vzdiali zo svojho domu, aplik\u00e1cia automaticky upozorn\u00ed pr\u00edslu\u0161n\u00e9 org\u00e1ny.\u00a0<\/p>\n\n\n\n<p>Kombin\u00e1cia n\u00e1ramku (wearable technology) a&nbsp;mobiln\u00e9ho telef\u00f3nu je ove\u013ea efekt\u00edvnej\u0161ia ako len sledovanie polohy mobiln\u00e9ho telef\u00f3nu, ktor\u00e9 nejak\u00fdm sp\u00f4sobom vyu\u017e\u00edvaj\u00fa viacer\u00e9 krajiny. Pou\u017e\u00edvate\u013e nem\u00f4\u017ee od\u00eds\u0165 z&nbsp;domu len tak bez telef\u00f3nu, aby to syst\u00e9m nedok\u00e1zal rozpozna\u0165.&nbsp;<\/p>\n\n\n\n<p>Preto v\u00a0krajin\u00e1ch ako Taiwan a\u00a0Singap\u00far kombinuj\u00fa sledovanie mobiln\u00fdch telef\u00f3nov prostredn\u00edctvom \u00fadajov od mobiln\u00fdch oper\u00e1torov s\u00a0overovan\u00edm, ktor\u00e9 vykon\u00e1vaj\u00fa pr\u00edslu\u0161n\u00e9 org\u00e1ny. Nieko\u013eko \u013eud\u00ed na\u00a0Taiwane pop\u00edsalo situ\u00e1cie, ako ich pri\u0161la skontrolova\u0165 pol\u00edcia, ke\u010f sa im vybil mobiln\u00fd telef\u00f3n. In\u00fd pr\u00edpad sa stal \u010dloveku, ktor\u00fd sa po\u010das karant\u00e9ny potreboval presun\u00fa\u0165 do in\u00e9ho bytu. Upovedomil pred t\u00fdm miestnu pol\u00edciu, ktor\u00e1 mu dala s\u00fahlas. Po\u010das presunu v\u0161ak dostal SMS spr\u00e1vu, ktor\u00e1 ho upozornila, \u017ee sa pr\u00edli\u0161 vzdialil zo svojho domu a\u00a0bude mu udelen\u00e1 pokuta, ak sa okam\u017eite nevr\u00e1ti. Situ\u00e1cia sa samozrejme vysvetlila, ale aj tento pr\u00edpad ukazuje ako \u0161t\u00e1t m\u00f4\u017ee kontrolova\u0165 svojich ob\u010danov.<\/p>\n\n\n\n<p>Podobn\u00fd syst\u00e9m sa pou\u017e\u00edva aj v\u00a0Singapure. \u013dudia v\u00a0karant\u00e9ne m\u00f4\u017eu po\u010das d\u0148a dosta\u0165 spr\u00e1vu, ktor\u00e1 ich vyzve, aby prostredn\u00edctvom mobiln\u00e9ho telef\u00f3nu odoslali svoju okam\u017eit\u00fa polohu. \u00darady ich m\u00f4\u017eu kontaktova\u0165 aj telefonicky a\u00a0m\u00f4\u017eu by\u0165 vyzvan\u00ed, aby odoslali aktu\u00e1lne selfie fotografie spolu s prostred\u00edm, v\u00a0ktorom sa nach\u00e1dzaj\u00fa.<\/p>\n\n\n\n<div class=\"wp-block-image\"><figure class=\"aligncenter size-large\"><img loading=\"lazy\" decoding=\"async\" width=\"551\" height=\"1024\" src=\"https:\/\/empax.sk\/bezpecna-komunikacia\/wp-content\/uploads\/2020\/03\/post-11-stay-home-551x1024.jpg\" alt=\"\" class=\"wp-image-1305\" srcset=\"https:\/\/empax.sk\/bezpecna-komunikacia\/wp-content\/uploads\/2020\/03\/post-11-stay-home-551x1024.jpg 551w, https:\/\/empax.sk\/bezpecna-komunikacia\/wp-content\/uploads\/2020\/03\/post-11-stay-home-161x300.jpg 161w, https:\/\/empax.sk\/bezpecna-komunikacia\/wp-content\/uploads\/2020\/03\/post-11-stay-home-768x1428.jpg 768w, https:\/\/empax.sk\/bezpecna-komunikacia\/wp-content\/uploads\/2020\/03\/post-11-stay-home-826x1536.jpg 826w, https:\/\/empax.sk\/bezpecna-komunikacia\/wp-content\/uploads\/2020\/03\/post-11-stay-home-1102x2048.jpg 1102w, https:\/\/empax.sk\/bezpecna-komunikacia\/wp-content\/uploads\/2020\/03\/post-11-stay-home-215x400.jpg 215w, https:\/\/empax.sk\/bezpecna-komunikacia\/wp-content\/uploads\/2020\/03\/post-11-stay-home-167x310.jpg 167w, https:\/\/empax.sk\/bezpecna-komunikacia\/wp-content\/uploads\/2020\/03\/post-11-stay-home-110x205.jpg 110w, https:\/\/empax.sk\/bezpecna-komunikacia\/wp-content\/uploads\/2020\/03\/post-11-stay-home.jpg 1112w\" sizes=\"(max-width: 551px) 100vw, 551px\" \/><figcaption>Nariadenia pre dom\u00e1cu karant\u00e9nu v Singapure. Zdroj: channelnewsasia.com<\/figcaption><\/figure><\/div>\n\n\n\n<h3 class=\"wp-block-heading\"><strong>Aplik\u00e1cie, ktor\u00e9 v\u00e1s notifikuj\u00fa pri kontakte s\u00a0nakazen\u00fdm \u010dlovekom<\/strong><\/h3>\n\n\n\n<p>Ako \u010fal\u0161\u00ed pr\u00edklad m\u00f4\u017eeme uvies\u0165 aplik\u00e1cie, ktor\u00e9 v\u00e1s notifikuj\u00fa pri kontakte z nakazen\u00fdm \u010dlovekom. Tak\u00e9to aplik\u00e1cie vznikli vo viacer\u00fdch krajin\u00e1ch. Funguj\u00fa tak, \u017ee pou\u017e\u00edvate\u013e sa do aplik\u00e1cie zaregistruje v\u00e4\u010d\u0161inou e\u0161te pred t\u00fdm ako ide na testy. Po pozit\u00edvnom diagnostikovan\u00ed ochorenia je pou\u017e\u00edvate\u013e anonymne ozna\u010den\u00fd a\u00a0ostatn\u00ed pou\u017e\u00edvatelia, s\u00a0ktor\u00fdmi za posledn\u00fdch nieko\u013eko dn\u00ed pri\u0161iel do kontaktu, s\u00fa automaticky notifikovan\u00ed.\u00a0<\/p>\n\n\n\n<p>Tieto aplik\u00e1cie sa zatia\u013e pr\u00edli\u0161 neosved\u010dili, a&nbsp;to najm\u00e4 z&nbsp;dvoch hlavn\u00fdch d\u00f4vodov. Na to, aby mali ako tak\u00fa \u00fa\u010dinnos\u0165, muselo by ich po\u017e\u00edva\u0165 dostato\u010dne vysok\u00e9 percento popul\u00e1cie. A \u010fal\u0161\u00edm probl\u00e9mom je presnos\u0165 s&nbsp;akou dok\u00e1\u017ee by\u0165 mobiln\u00fd telef\u00f3n lokalizovan\u00fd. To z\u00e1vis\u00ed od sp\u00f4sobu ak\u00fdm je lokaliz\u00e1cia realizovan\u00e1. V&nbsp;pr\u00edpade ak sa na to vyu\u017eije \u0161tandardn\u00e1 lokaliz\u00e1cia ako ju poskytuj\u00fa mobiln\u00e9 telef\u00f3ny, tak je to v&nbsp;priemere pribli\u017ene 30 metrov. Notifik\u00e1ciu tak m\u00f4\u017eete dosta\u0165, aj ke\u010f ste s&nbsp;infikovan\u00fdm v\u00f4bec neboli v&nbsp;kontakte. Napr\u00edklad ste len pre\u0161li okolo jeho domu alebo ho prev\u00e1\u017eali okolo v\u00e1s v&nbsp;sanitke a&nbsp;podobne.<\/p>\n\n\n\n<p>V\u00e4\u010d\u0161\u00ed \u00faspech m\u00f4\u017eu ma\u0165 aplik\u00e1cie, ktor\u00e9 lokaliz\u00e1ciu realizuj\u00fa pomocou bluetooth. V\u00a0tomto pr\u00edpade nie je potrebn\u00e9 zbieranie \u017eiadnych inform\u00e1ci\u00ed. Aplik\u00e1cia v\u00e1s iba upozorn\u00ed, v\u017edy ke\u010f sa pribl\u00ed\u017eite k\u00a0infikovanej osobe na vzdialenos\u0165 men\u0161ej ako nieko\u013eko metrov.\u00a0Tak\u00fato aplik\u00e1ciu s n\u00e1zvom <a class=\"MyPostLink\" rel=\"noreferrer noopener\" aria-label=\"TraceTogether (otvor\u00ed sa v novej karte)\" href=\"https:\/\/www.tech.gov.sg\/products-and-services\/responding-to-covid-19-with-tech\/?utm_source=hero_banner\" target=\"_blank\">TraceTogether<\/a> poskytuje vl\u00e1da v Singapure.<\/p>\n\n\n\n<h3 class=\"wp-block-heading\">Boj s n\u00e1kazou vs. ochrana s\u00fakromia<\/h3>\n\n\n\n<p>V\u00a0\u00e1zijsk\u00fdch krajin\u00e1ch a\u00a0hlavne v\u00a0\u010c\u00edne nie je pou\u017e\u00edvanie mobiln\u00fdch technol\u00f3gi\u00ed na sledovanie obyvate\u013eov \u017eiadnou novinkou. V\u00a0Eur\u00f3pe sme na pou\u017eitie t\u00fdchto technol\u00f3gi\u00ed o\u00a0nie\u010do citlivej\u0161\u00ed, ale v \u010dase pand\u00e9mie, pod \u201er\u00fa\u0161kom\u201c boja proti n\u00e1kaze, s\u00fa \u013eudia ochotnej\u0161\u00ed pr\u00eds\u0165 o\u00a0\u010das\u0165 svojho s\u00fakromia v\u00fdmenou za v\u00e4\u010d\u0161\u00ed pocit bezpe\u010dia.\u00a0<\/p>\n\n\n\n<div style=\"height:20px\" aria-hidden=\"true\" class=\"wp-block-spacer\"><\/div>\n\n\n\n<p class=\"MyPostCredits\"><span style=\"color: #999999;\"><strong>Ilustra\u010dn\u00fd obr\u00e1zok:<\/strong><\/span> Martin Sanchez\/Unsplash.com<\/p>\n","protected":false},"excerpt":{"rendered":"<p>Na Slovensku bud\u00fa \u013eudia nakazen\u00fd koronav\u00edrusom sledovan\u00ed prostredn\u00edctvom mobiln\u00fdch. V \u010cesku sa pl\u00e1nuje syst\u00e9m inteligentnej karant\u00e9ny. Mobiln\u00e9 technol\u00f3gie sa pou\u017e\u00edvaj\u00fa aj v in\u00fdch krajin\u00e1ch. Predstav\u00edme, ako funguj\u00fa a ak\u00e9 s\u00fa \u010fal\u0161ie mo\u017enosti ich vyu\u017eitia.<\/p>\n","protected":false},"author":2,"featured_media":1303,"comment_status":"closed","ping_status":"open","sticky":false,"template":"","format":"standard","meta":{"footnotes":""},"categories":[32],"tags":[19,31,30],"class_list":["post-1301","post","type-post","status-publish","format-standard","has-post-thumbnail","hentry","category-mobilne-technologie","tag-analyzy-a-komentare","tag-covid-19","tag-mobilne-technologie"],"yoast_head":"<!-- This site is optimized with the Yoast SEO plugin v23.5 - https:\/\/yoast.com\/wordpress\/plugins\/seo\/ -->\n<title>Do boja s COVID-19 sa nasadzuj\u00fa aj mobiln\u00e9 technol\u00f3gie - Bezpe\u010dn\u00e1 komunik\u00e1cia | Blog<\/title>\n<meta name=\"robots\" content=\"index, follow, max-snippet:-1, max-image-preview:large, max-video-preview:-1\" \/>\n<link rel=\"canonical\" href=\"https:\/\/empax.sk\/bezpecna-komunikacia\/do-boja-s-covid-19-sa-nasadzuju-aj-mobilne-technologie\/\" \/>\n<meta property=\"og:locale\" content=\"sk_SK\" \/>\n<meta property=\"og:type\" content=\"article\" \/>\n<meta property=\"og:title\" content=\"Do boja s COVID-19 sa nasadzuj\u00fa aj mobiln\u00e9 technol\u00f3gie - Bezpe\u010dn\u00e1 komunik\u00e1cia | Blog\" \/>\n<meta property=\"og:description\" content=\"Na Slovensku bud\u00fa \u013eudia nakazen\u00fd koronav\u00edrusom sledovan\u00ed prostredn\u00edctvom mobiln\u00fdch. V \u010cesku sa pl\u00e1nuje syst\u00e9m inteligentnej karant\u00e9ny. Mobiln\u00e9 technol\u00f3gie sa pou\u017e\u00edvaj\u00fa aj v in\u00fdch krajin\u00e1ch. Predstav\u00edme, ako funguj\u00fa a ak\u00e9 s\u00fa \u010fal\u0161ie mo\u017enosti ich vyu\u017eitia.\" \/>\n<meta property=\"og:url\" content=\"https:\/\/empax.sk\/bezpecna-komunikacia\/do-boja-s-covid-19-sa-nasadzuju-aj-mobilne-technologie\/\" \/>\n<meta property=\"og:site_name\" content=\"Bezpe\u010dn\u00e1 komunik\u00e1cia | Blog\" \/>\n<meta property=\"article:published_time\" content=\"2020-03-24T21:00:00+00:00\" \/>\n<meta property=\"article:modified_time\" content=\"2020-03-24T21:10:30+00:00\" \/>\n<meta property=\"og:image\" content=\"https:\/\/empax.sk\/bezpecna-komunikacia\/wp-content\/uploads\/2020\/03\/martin-sanchez-hqenvhKfrLA-unsplash.jpg\" \/>\n\t<meta property=\"og:image:width\" content=\"2400\" \/>\n\t<meta property=\"og:image:height\" content=\"1600\" \/>\n\t<meta property=\"og:image:type\" content=\"image\/jpeg\" \/>\n<meta name=\"author\" content=\"Michal Pal\u00e1t\" \/>\n<meta name=\"twitter:card\" content=\"summary_large_image\" \/>\n<meta name=\"twitter:label1\" content=\"Autor\" \/>\n\t<meta name=\"twitter:data1\" content=\"Michal Pal\u00e1t\" \/>\n\t<meta name=\"twitter:label2\" content=\"Predpokladan\u00fd \u010das \u010d\u00edtania\" \/>\n\t<meta name=\"twitter:data2\" content=\"7 min\u00fat\" \/>\n<script type=\"application\/ld+json\" class=\"yoast-schema-graph\">{\"@context\":\"https:\/\/schema.org\",\"@graph\":[{\"@type\":\"WebPage\",\"@id\":\"https:\/\/empax.sk\/bezpecna-komunikacia\/do-boja-s-covid-19-sa-nasadzuju-aj-mobilne-technologie\/\",\"url\":\"https:\/\/empax.sk\/bezpecna-komunikacia\/do-boja-s-covid-19-sa-nasadzuju-aj-mobilne-technologie\/\",\"name\":\"Do boja s COVID-19 sa nasadzuj\u00fa aj mobiln\u00e9 technol\u00f3gie - Bezpe\u010dn\u00e1 komunik\u00e1cia | Blog\",\"isPartOf\":{\"@id\":\"https:\/\/empax.sk\/bezpecna-komunikacia\/#website\"},\"primaryImageOfPage\":{\"@id\":\"https:\/\/empax.sk\/bezpecna-komunikacia\/do-boja-s-covid-19-sa-nasadzuju-aj-mobilne-technologie\/#primaryimage\"},\"image\":{\"@id\":\"https:\/\/empax.sk\/bezpecna-komunikacia\/do-boja-s-covid-19-sa-nasadzuju-aj-mobilne-technologie\/#primaryimage\"},\"thumbnailUrl\":\"https:\/\/empax.sk\/bezpecna-komunikacia\/wp-content\/uploads\/2020\/03\/martin-sanchez-hqenvhKfrLA-unsplash.jpg\",\"datePublished\":\"2020-03-24T21:00:00+00:00\",\"dateModified\":\"2020-03-24T21:10:30+00:00\",\"author\":{\"@id\":\"https:\/\/empax.sk\/bezpecna-komunikacia\/#\/schema\/person\/442337a65bb41095b829ffea95a3ae61\"},\"breadcrumb\":{\"@id\":\"https:\/\/empax.sk\/bezpecna-komunikacia\/do-boja-s-covid-19-sa-nasadzuju-aj-mobilne-technologie\/#breadcrumb\"},\"inLanguage\":\"sk-SK\",\"potentialAction\":[{\"@type\":\"ReadAction\",\"target\":[\"https:\/\/empax.sk\/bezpecna-komunikacia\/do-boja-s-covid-19-sa-nasadzuju-aj-mobilne-technologie\/\"]}]},{\"@type\":\"ImageObject\",\"inLanguage\":\"sk-SK\",\"@id\":\"https:\/\/empax.sk\/bezpecna-komunikacia\/do-boja-s-covid-19-sa-nasadzuju-aj-mobilne-technologie\/#primaryimage\",\"url\":\"https:\/\/empax.sk\/bezpecna-komunikacia\/wp-content\/uploads\/2020\/03\/martin-sanchez-hqenvhKfrLA-unsplash.jpg\",\"contentUrl\":\"https:\/\/empax.sk\/bezpecna-komunikacia\/wp-content\/uploads\/2020\/03\/martin-sanchez-hqenvhKfrLA-unsplash.jpg\",\"width\":2400,\"height\":1600},{\"@type\":\"BreadcrumbList\",\"@id\":\"https:\/\/empax.sk\/bezpecna-komunikacia\/do-boja-s-covid-19-sa-nasadzuju-aj-mobilne-technologie\/#breadcrumb\",\"itemListElement\":[{\"@type\":\"ListItem\",\"position\":1,\"name\":\"Home\",\"item\":\"https:\/\/empax.sk\/bezpecna-komunikacia\/\"},{\"@type\":\"ListItem\",\"position\":2,\"name\":\"Do boja s COVID-19 sa nasadzuj\u00fa aj mobiln\u00e9 technol\u00f3gie\"}]},{\"@type\":\"WebSite\",\"@id\":\"https:\/\/empax.sk\/bezpecna-komunikacia\/#website\",\"url\":\"https:\/\/empax.sk\/bezpecna-komunikacia\/\",\"name\":\"Bezpe\u010dn\u00e1 komunik\u00e1cia | Blog\",\"description\":\"V\u0161etko o bezpe\u010dnosti mobilnej komunik\u00e1cie\",\"potentialAction\":[{\"@type\":\"SearchAction\",\"target\":{\"@type\":\"EntryPoint\",\"urlTemplate\":\"https:\/\/empax.sk\/bezpecna-komunikacia\/?s={search_term_string}\"},\"query-input\":{\"@type\":\"PropertyValueSpecification\",\"valueRequired\":true,\"valueName\":\"search_term_string\"}}],\"inLanguage\":\"sk-SK\"},{\"@type\":\"Person\",\"@id\":\"https:\/\/empax.sk\/bezpecna-komunikacia\/#\/schema\/person\/442337a65bb41095b829ffea95a3ae61\",\"name\":\"Michal Pal\u00e1t\",\"image\":{\"@type\":\"ImageObject\",\"inLanguage\":\"sk-SK\",\"@id\":\"https:\/\/empax.sk\/bezpecna-komunikacia\/#\/schema\/person\/image\/\",\"url\":\"https:\/\/secure.gravatar.com\/avatar\/3f4924a37155d1c4ed47408a44be22dc?s=96&r=g\",\"contentUrl\":\"https:\/\/secure.gravatar.com\/avatar\/3f4924a37155d1c4ed47408a44be22dc?s=96&r=g\",\"caption\":\"Michal Pal\u00e1t\"},\"url\":\"https:\/\/empax.sk\/bezpecna-komunikacia\/author\/bkadmin\/\"}]}<\/script>\n<!-- \/ Yoast SEO plugin. -->","yoast_head_json":{"title":"Do boja s COVID-19 sa nasadzuj\u00fa aj mobiln\u00e9 technol\u00f3gie - Bezpe\u010dn\u00e1 komunik\u00e1cia | Blog","robots":{"index":"index","follow":"follow","max-snippet":"max-snippet:-1","max-image-preview":"max-image-preview:large","max-video-preview":"max-video-preview:-1"},"canonical":"https:\/\/empax.sk\/bezpecna-komunikacia\/do-boja-s-covid-19-sa-nasadzuju-aj-mobilne-technologie\/","og_locale":"sk_SK","og_type":"article","og_title":"Do boja s COVID-19 sa nasadzuj\u00fa aj mobiln\u00e9 technol\u00f3gie - Bezpe\u010dn\u00e1 komunik\u00e1cia | Blog","og_description":"Na Slovensku bud\u00fa \u013eudia nakazen\u00fd koronav\u00edrusom sledovan\u00ed prostredn\u00edctvom mobiln\u00fdch. V \u010cesku sa pl\u00e1nuje syst\u00e9m inteligentnej karant\u00e9ny. Mobiln\u00e9 technol\u00f3gie sa pou\u017e\u00edvaj\u00fa aj v in\u00fdch krajin\u00e1ch. Predstav\u00edme, ako funguj\u00fa a ak\u00e9 s\u00fa \u010fal\u0161ie mo\u017enosti ich vyu\u017eitia.","og_url":"https:\/\/empax.sk\/bezpecna-komunikacia\/do-boja-s-covid-19-sa-nasadzuju-aj-mobilne-technologie\/","og_site_name":"Bezpe\u010dn\u00e1 komunik\u00e1cia | Blog","article_published_time":"2020-03-24T21:00:00+00:00","article_modified_time":"2020-03-24T21:10:30+00:00","og_image":[{"width":2400,"height":1600,"url":"https:\/\/empax.sk\/bezpecna-komunikacia\/wp-content\/uploads\/2020\/03\/martin-sanchez-hqenvhKfrLA-unsplash.jpg","type":"image\/jpeg"}],"author":"Michal Pal\u00e1t","twitter_card":"summary_large_image","twitter_misc":{"Autor":"Michal Pal\u00e1t","Predpokladan\u00fd \u010das \u010d\u00edtania":"7 min\u00fat"},"schema":{"@context":"https:\/\/schema.org","@graph":[{"@type":"WebPage","@id":"https:\/\/empax.sk\/bezpecna-komunikacia\/do-boja-s-covid-19-sa-nasadzuju-aj-mobilne-technologie\/","url":"https:\/\/empax.sk\/bezpecna-komunikacia\/do-boja-s-covid-19-sa-nasadzuju-aj-mobilne-technologie\/","name":"Do boja s COVID-19 sa nasadzuj\u00fa aj mobiln\u00e9 technol\u00f3gie - Bezpe\u010dn\u00e1 komunik\u00e1cia | Blog","isPartOf":{"@id":"https:\/\/empax.sk\/bezpecna-komunikacia\/#website"},"primaryImageOfPage":{"@id":"https:\/\/empax.sk\/bezpecna-komunikacia\/do-boja-s-covid-19-sa-nasadzuju-aj-mobilne-technologie\/#primaryimage"},"image":{"@id":"https:\/\/empax.sk\/bezpecna-komunikacia\/do-boja-s-covid-19-sa-nasadzuju-aj-mobilne-technologie\/#primaryimage"},"thumbnailUrl":"https:\/\/empax.sk\/bezpecna-komunikacia\/wp-content\/uploads\/2020\/03\/martin-sanchez-hqenvhKfrLA-unsplash.jpg","datePublished":"2020-03-24T21:00:00+00:00","dateModified":"2020-03-24T21:10:30+00:00","author":{"@id":"https:\/\/empax.sk\/bezpecna-komunikacia\/#\/schema\/person\/442337a65bb41095b829ffea95a3ae61"},"breadcrumb":{"@id":"https:\/\/empax.sk\/bezpecna-komunikacia\/do-boja-s-covid-19-sa-nasadzuju-aj-mobilne-technologie\/#breadcrumb"},"inLanguage":"sk-SK","potentialAction":[{"@type":"ReadAction","target":["https:\/\/empax.sk\/bezpecna-komunikacia\/do-boja-s-covid-19-sa-nasadzuju-aj-mobilne-technologie\/"]}]},{"@type":"ImageObject","inLanguage":"sk-SK","@id":"https:\/\/empax.sk\/bezpecna-komunikacia\/do-boja-s-covid-19-sa-nasadzuju-aj-mobilne-technologie\/#primaryimage","url":"https:\/\/empax.sk\/bezpecna-komunikacia\/wp-content\/uploads\/2020\/03\/martin-sanchez-hqenvhKfrLA-unsplash.jpg","contentUrl":"https:\/\/empax.sk\/bezpecna-komunikacia\/wp-content\/uploads\/2020\/03\/martin-sanchez-hqenvhKfrLA-unsplash.jpg","width":2400,"height":1600},{"@type":"BreadcrumbList","@id":"https:\/\/empax.sk\/bezpecna-komunikacia\/do-boja-s-covid-19-sa-nasadzuju-aj-mobilne-technologie\/#breadcrumb","itemListElement":[{"@type":"ListItem","position":1,"name":"Home","item":"https:\/\/empax.sk\/bezpecna-komunikacia\/"},{"@type":"ListItem","position":2,"name":"Do boja s COVID-19 sa nasadzuj\u00fa aj mobiln\u00e9 technol\u00f3gie"}]},{"@type":"WebSite","@id":"https:\/\/empax.sk\/bezpecna-komunikacia\/#website","url":"https:\/\/empax.sk\/bezpecna-komunikacia\/","name":"Bezpe\u010dn\u00e1 komunik\u00e1cia | Blog","description":"V\u0161etko o bezpe\u010dnosti mobilnej komunik\u00e1cie","potentialAction":[{"@type":"SearchAction","target":{"@type":"EntryPoint","urlTemplate":"https:\/\/empax.sk\/bezpecna-komunikacia\/?s={search_term_string}"},"query-input":{"@type":"PropertyValueSpecification","valueRequired":true,"valueName":"search_term_string"}}],"inLanguage":"sk-SK"},{"@type":"Person","@id":"https:\/\/empax.sk\/bezpecna-komunikacia\/#\/schema\/person\/442337a65bb41095b829ffea95a3ae61","name":"Michal Pal\u00e1t","image":{"@type":"ImageObject","inLanguage":"sk-SK","@id":"https:\/\/empax.sk\/bezpecna-komunikacia\/#\/schema\/person\/image\/","url":"https:\/\/secure.gravatar.com\/avatar\/3f4924a37155d1c4ed47408a44be22dc?s=96&r=g","contentUrl":"https:\/\/secure.gravatar.com\/avatar\/3f4924a37155d1c4ed47408a44be22dc?s=96&r=g","caption":"Michal Pal\u00e1t"},"url":"https:\/\/empax.sk\/bezpecna-komunikacia\/author\/bkadmin\/"}]}},"_links":{"self":[{"href":"https:\/\/empax.sk\/bezpecna-komunikacia\/wp-json\/wp\/v2\/posts\/1301"}],"collection":[{"href":"https:\/\/empax.sk\/bezpecna-komunikacia\/wp-json\/wp\/v2\/posts"}],"about":[{"href":"https:\/\/empax.sk\/bezpecna-komunikacia\/wp-json\/wp\/v2\/types\/post"}],"author":[{"embeddable":true,"href":"https:\/\/empax.sk\/bezpecna-komunikacia\/wp-json\/wp\/v2\/users\/2"}],"replies":[{"embeddable":true,"href":"https:\/\/empax.sk\/bezpecna-komunikacia\/wp-json\/wp\/v2\/comments?post=1301"}],"version-history":[{"count":0,"href":"https:\/\/empax.sk\/bezpecna-komunikacia\/wp-json\/wp\/v2\/posts\/1301\/revisions"}],"wp:featuredmedia":[{"embeddable":true,"href":"https:\/\/empax.sk\/bezpecna-komunikacia\/wp-json\/wp\/v2\/media\/1303"}],"wp:attachment":[{"href":"https:\/\/empax.sk\/bezpecna-komunikacia\/wp-json\/wp\/v2\/media?parent=1301"}],"wp:term":[{"taxonomy":"category","embeddable":true,"href":"https:\/\/empax.sk\/bezpecna-komunikacia\/wp-json\/wp\/v2\/categories?post=1301"},{"taxonomy":"post_tag","embeddable":true,"href":"https:\/\/empax.sk\/bezpecna-komunikacia\/wp-json\/wp\/v2\/tags?post=1301"}],"curies":[{"name":"wp","href":"https:\/\/api.w.org\/{rel}","templated":true}]}}